{"id":410,"date":"2019-09-05T16:04:43","date_gmt":"2019-09-05T16:04:43","guid":{"rendered":"https:\/\/abc-plasticsnews.fi\/?p=410"},"modified":"2022-09-30T18:22:05","modified_gmt":"2022-09-30T18:22:05","slug":"lukijan-kynasta-muovikeskustelu","status":"publish","type":"post","link":"https:\/\/abc-plasticsnews.fi\/?p=410","title":{"rendered":"LUKIJAN KYN\u00c4ST\u00c4: MUOVIKESKUSTELU"},"content":{"rendered":"\n<h4 class=\"wp-block-heading\">TEKSTI: <strong>Ari-Pe<\/strong>kka Pietil\u00e4, KUVAT: Jukka Sil\u00e9n<\/h4>\n\n\n\n<div class=\"wp-block-media-text alignwide has-media-on-the-right\" style=\"grid-template-columns:auto 31%\"><figure class=\"wp-block-media-text__media\"><img loading=\"lazy\" decoding=\"async\" width=\"768\" height=\"1024\" src=\"https:\/\/abc-plasticsnews.fi\/wp-content\/uploads\/2019\/09\/file3-tekstill\u00e4-pienennetty-768x1024.jpg\" alt=\"\" class=\"wp-image-545\" srcset=\"https:\/\/abc-plasticsnews.fi\/wp-content\/uploads\/2019\/09\/file3-tekstill\u00e4-pienennetty-768x1024.jpg 768w, https:\/\/abc-plasticsnews.fi\/wp-content\/uploads\/2019\/09\/file3-tekstill\u00e4-pienennetty-225x300.jpg 225w, https:\/\/abc-plasticsnews.fi\/wp-content\/uploads\/2019\/09\/file3-tekstill\u00e4-pienennetty.jpg 1224w\" sizes=\"auto, (max-width: 768px) 100vw, 768px\" \/><\/figure><div class=\"wp-block-media-text__content\">\n<p class=\"has-drop-cap\">Taas ollaan liikuttu pitk\u00e4 matka vuotta eteenp\u00e4in. Menneen talven lumia ovat tipaton tammikuu, Suomen muovitiekartta, muoviton maaliskuu ja Ylen I love Muovi \u2013kampanja. Kolmea ensimm\u00e4ist\u00e4 ei juuri huomannut miss\u00e4\u00e4n, ja tuskin kukaan j\u00e4i kaipaamaankaan, mutta I love muovi \u2013kampanja oli eritt\u00e4in laadukkaasti ja informatiivisesti tehty. Kymmenen pistett\u00e4 ja papukaijamerkki kaikille tekemiseen osallistuneille ja tietenkin Ylelle toteutuksesta.  <\/p>\n<\/div><\/div>\n\n\n\n<p> Samalla Mets\u00e4 lanseerasi uuden Amerplastin valmistaman Essi Kiertok\u00e4\u00e4re -kiertotalouspakkauksen, kun keltaisen Serlan 8 rullan pakkaus muuttui puolet kierr\u00e4tysmateriaalia sis\u00e4lt\u00e4v\u00e4ksi pakkaukseksi. Siin\u00e4 oiva mahdollisuus lis\u00e4t\u00e4 kierr\u00e4tyksen k\u00e4ytt\u00f6\u00e4 ihan k\u00e4yt\u00e4nn\u00f6ss\u00e4.   <\/p>\n\n\n\n<p>Seuraavaksi odotan mielenkiinnolla tulevan hallituksen linjauksia ymp\u00e4rist\u00f6asioissa. On eritt\u00e4in mielenkiintoista, miten uuteen Mets\u00e4 Groupin avaukseen uudesta biotuotetehtaasta Ouluun suhtaudutaan. Laitetaanko tehdas pystyyn ja istutetaan 20-30 vuotta sitten raivatut pellot takaisin metsiksi ja kasvatetaan siten hiilinieluja kattamaan hiilidioksidip\u00e4\u00e4st\u00f6t. Itseasiassa n\u00e4inh\u00e4n voidaan tehd\u00e4, kun v\u00e4henn\u00e4mme ruokahukkaa, jolloin v\u00e4hemm\u00e4ll\u00e4 ruualla ruokitaan enemm\u00e4n ihmisi\u00e4. T\u00e4h\u00e4n on jo ratkaisu olemassa pakataan tuotteet paremmin, <strong>muoviin<\/strong>, jotta ruuan s\u00e4ilyvyysaika pitenee. WIN-WIN. Kenen poliitikon pokka kest\u00e4\u00e4 ehdottaa t\u00e4t\u00e4?&nbsp; &nbsp;<\/p>\n\n\n\n<p>Kaksi asiaa j\u00e4\u00e4 pahasti jalkoihin julkisissa keskusteluissa, kulutuksen pienent\u00e4minen ja materiaalitehokkuus. Kaikkien huulilla on talouden kasvu, joka luo hyvinvointia, ty\u00f6paikkoja jne. Mit\u00e4, jos maapallo ei kest\u00e4 kasvua, palikat on vain jaettava uudelleen? Tilanne itseasiassa taitaa olla n\u00e4in. Koska se uskalletaan my\u00f6nt\u00e4\u00e4? <\/p>\n\n\n\n<p>Materiaalitehokkuus on sana, jota k\u00e4ytett\u00e4\u00e4n aivan liian v\u00e4h\u00e4n. Kaupoissa on tuhansia tuotteita, jotka voisi tehd\u00e4 ohuemmasta materiaalista, mutta jostakin syyst\u00e4 ne tehd\u00e4\u00e4n paksumpana. Syit\u00e4 on monia: 1) ohut materiaali tuntuu liian l\u00f6ys\u00e4lt\u00e4, joten kuluttaja ei osta sit\u00e4, 2) vanhat pakkauskoneet eiv\u00e4t mahdollista ohuempaa materiaalia, 3) tuote n\u00e4ytt\u00e4\u00e4 arvokkaammalta paksummassa pakkauksessa, jne. T\u00e4ss\u00e4 olisi suuri mahdollisuus v\u00e4hent\u00e4\u00e4 materiaalien k\u00e4ytt\u00f6\u00e4. Yleens\u00e4 t\u00e4m\u00e4 on helpoin tapa pienent\u00e4\u00e4 hiilijalanj\u00e4lke\u00e4.<\/p>\n\n\n\n<p>Viimeisen\u00e4 asiana ja kuluttajana taas katkerasti pettyneen\u00e4 uusimpaan tulostimeemme ihmettelen kovasti, miksei esimerkiksi kodinkoneiden tai vastaavien laitteiden laatuun puututa poliittisella tasolla. Esimerkiksi, jos k\u00e4nnykk\u00f6ihin m\u00e4\u00e4r\u00e4tt\u00e4isiin kiinte\u00e4 takuu koko EU:n alueella esimerkiksi 3 vuotta, jolloin aina k\u00e4nnyk\u00e4n hajotessa tekniseen vikaan k\u00e4nnyk\u00e4n tekij\u00e4 olisi vastuullinen vaihtamaan puhelimen uuteen, olen aivan varma, ett\u00e4 laitteet alkaisivat kest\u00e4\u00e4 paremmin. T\u00e4m\u00e4 jos mik\u00e4 v\u00e4hent\u00e4isi kulutusta ja arvokkaiden materiaalien k\u00e4ytt\u00f6\u00e4.<\/p>\n\n\n\n<div class=\"wp-block-media-text alignwide\" style=\"grid-template-columns:44% auto\"><figure class=\"wp-block-media-text__media\"><img loading=\"lazy\" decoding=\"async\" width=\"433\" height=\"577\" src=\"https:\/\/abc-plasticsnews.fi\/wp-content\/uploads\/2019\/09\/pienennetty-kuva-e1567706690770.jpeg\" alt=\"\" class=\"wp-image-758\" srcset=\"https:\/\/abc-plasticsnews.fi\/wp-content\/uploads\/2019\/09\/pienennetty-kuva-e1567706690770.jpeg 433w, https:\/\/abc-plasticsnews.fi\/wp-content\/uploads\/2019\/09\/pienennetty-kuva-e1567706690770-225x300.jpeg 225w\" sizes=\"auto, (max-width: 433px) 100vw, 433px\" \/><\/figure><div class=\"wp-block-media-text__content\">\n<p>Muoviteollisuus Ry:n organisoima <strong>\u00c4mp\u00e4rist\u00f6\u2013p\u00e4iv\u00e4<\/strong> n\u00e4ytti hyvin voimansa. Amerplastilla, Tampereella, oli my\u00f6s oma piste olemassa. P\u00e4iv\u00e4 oli eritt\u00e4in onnistunut, ihmisi\u00e4 k\u00e4vi tasaisena virtana koko p\u00e4iv\u00e4n. My\u00f6s lehdist\u00f6 k\u00e4vi paikalla katsomassa tapahtumaa. Kerta kaikkiaan onnistunut p\u00e4iv\u00e4! Pit\u00e4isik\u00f6 laajentaa 2 kertaa vuodessa tapahtumaksi (kev\u00e4t ja syksy), jotta kovamuovit saataisiin paremmin talteen. J\u00e4tett\u00e4k\u00f6\u00f6n asia mietint\u00e4\u00e4n, mutta selke\u00e4sti ker\u00e4ykselle on oma paikkansa Suomessa.&nbsp;&nbsp;  <\/p>\n<\/div><\/div>\n","protected":false},"excerpt":{"rendered":"<p>TEKSTI: Ari-Pekka Pietil\u00e4, KUVAT: Jukka Sil\u00e9n Taas ollaan liikuttu pitk\u00e4 matka vuotta eteenp\u00e4in. Menneen talven lumia ovat tipaton tammikuu, Suomen muovitiekartta, muoviton maaliskuu ja Ylen I love Muovi \u2013kampanja. Kolmea ensimm\u00e4ist\u00e4 ei juuri huomannut miss\u00e4\u00e4n, ja tuskin kukaan j\u00e4i kaipaamaankaan, mutta I love muovi \u2013kampanja oli eritt\u00e4in laadukkaasti ja informatiivisesti tehty. Kymmenen pistett\u00e4 ja papukaijamerkki [&hellip;]<\/p>\n","protected":false},"author":5,"featured_media":0,"comment_status":"closed","ping_status":"closed","sticky":false,"template":"","format":"standard","meta":{"footnotes":""},"categories":[397],"tags":[],"class_list":["post-410","post","type-post","status-publish","format-standard","hentry","category-lehdet-2019"],"_links":{"self":[{"href":"https:\/\/abc-plasticsnews.fi\/index.php?rest_route=\/wp\/v2\/posts\/410","targetHints":{"allow":["GET"]}}],"collection":[{"href":"https:\/\/abc-plasticsnews.fi\/index.php?rest_route=\/wp\/v2\/posts"}],"about":[{"href":"https:\/\/abc-plasticsnews.fi\/index.php?rest_route=\/wp\/v2\/types\/post"}],"author":[{"embeddable":true,"href":"https:\/\/abc-plasticsnews.fi\/index.php?rest_route=\/wp\/v2\/users\/5"}],"replies":[{"embeddable":true,"href":"https:\/\/abc-plasticsnews.fi\/index.php?rest_route=%2Fwp%2Fv2%2Fcomments&post=410"}],"version-history":[{"count":17,"href":"https:\/\/abc-plasticsnews.fi\/index.php?rest_route=\/wp\/v2\/posts\/410\/revisions"}],"predecessor-version":[{"id":793,"href":"https:\/\/abc-plasticsnews.fi\/index.php?rest_route=\/wp\/v2\/posts\/410\/revisions\/793"}],"wp:attachment":[{"href":"https:\/\/abc-plasticsnews.fi\/index.php?rest_route=%2Fwp%2Fv2%2Fmedia&parent=410"}],"wp:term":[{"taxonomy":"category","embeddable":true,"href":"https:\/\/abc-plasticsnews.fi\/index.php?rest_route=%2Fwp%2Fv2%2Fcategories&post=410"},{"taxonomy":"post_tag","embeddable":true,"href":"https:\/\/abc-plasticsnews.fi\/index.php?rest_route=%2Fwp%2Fv2%2Ftags&post=410"}],"curies":[{"name":"wp","href":"https:\/\/api.w.org\/{rel}","templated":true}]}}