{"id":3850,"date":"2023-10-14T12:11:21","date_gmt":"2023-10-14T12:11:21","guid":{"rendered":"https:\/\/abc-plasticsnews.fi\/?p=3850"},"modified":"2023-10-14T20:22:19","modified_gmt":"2023-10-14T20:22:19","slug":"kierratysmuoveja-vihreaa-lahestymista","status":"publish","type":"post","link":"https:\/\/abc-plasticsnews.fi\/?p=3850","title":{"rendered":"KIERR\u00c4TYSMUOVEJA, ENTIST\u00c4 VIHRE\u00c4MP\u00c4\u00c4 L\u00c4HESTYMIST\u00c4"},"content":{"rendered":"\n<h2 class=\"wp-block-heading\">Teksti ja kuvat: Jukka Sil\u00e9n<\/h2>\n\n\n\n<p><strong>Me muovialan kehitt\u00e4miskulussa mukana olleet muistamme hyvin ajan, jolloin tietyt yritykset kielsiv\u00e4t kierr\u00e4tysmuovien k\u00e4yt\u00f6n tuotteissaan kokonaan. Ei edes prosessin sis\u00e4inen kierr\u00e4tt\u00e4minen &#8211; vaikkapa valutappien rouhiminen takaisin ruiskuvalussa hopperiin ei ollut sallittua \u2013 kaiken raaka-aineen piti olla fossiilisper\u00e4ist\u00e4.<\/strong><\/p>\n\n\n\n<p>T\u00e4n\u00e4\u00e4n kaikki on \u2013 ainakin monin osin \u2013 toisin. Kierr\u00e4tys ei ole pelk\u00e4st\u00e4\u00e4n sallittua, sit\u00e4 pikemminkin suositellaan \u2013 jopa vaaditaan. Asiakas, olihan sitten teollinen tai kuluttaja-asiakas, osaa puhua hiilijalanj\u00e4ljest\u00e4 ja kierr\u00e4tyksest\u00e4 \u2013 ja jopa vaatia sit\u00e4. Kierr\u00e4tys on jalkautunut lattiatasolle.<\/p>\n\n\n\n<p>Keskusteluihin voitaisiin ottaa miltei kaikki esill\u00e4 olleet muovialan Alihankinnan messuyritykset. Kierr\u00e4tys ei siis ole mik\u00e4\u00e4n kirosana muovialalla. Toki kierr\u00e4tykseen suhtaudutaan yrityksiss\u00e4 viel\u00e4 kovin eri lailla &#8211; samoin on tilanne asiakaskunnassa.<\/p>\n\n\n\n<p>T\u00e4ss\u00e4 messuilta poimittuja esimerkkej\u00e4:<\/p>\n\n\n\n<div class=\"wp-block-media-text is-stacked-on-mobile\" style=\"grid-template-columns:29% auto\"><figure class=\"wp-block-media-text__media\"><img loading=\"lazy\" decoding=\"async\" width=\"768\" height=\"1024\" src=\"https:\/\/abc-plasticsnews.fi\/wp-content\/uploads\/2023\/10\/Albis-e1697148843598-768x1024.jpg\" alt=\"\" class=\"wp-image-3851 size-full\" srcset=\"https:\/\/abc-plasticsnews.fi\/wp-content\/uploads\/2023\/10\/Albis-e1697148843598-768x1024.jpg 768w, https:\/\/abc-plasticsnews.fi\/wp-content\/uploads\/2023\/10\/Albis-e1697148843598-225x300.jpg 225w, https:\/\/abc-plasticsnews.fi\/wp-content\/uploads\/2023\/10\/Albis-e1697148843598-1152x1536.jpg 1152w, https:\/\/abc-plasticsnews.fi\/wp-content\/uploads\/2023\/10\/Albis-e1697148843598-1536x2048.jpg 1536w, https:\/\/abc-plasticsnews.fi\/wp-content\/uploads\/2023\/10\/Albis-e1697148843598.jpg 1800w\" sizes=\"auto, (max-width: 768px) 100vw, 768px\" \/><\/figure><div class=\"wp-block-media-text__content\">\n<p><strong>Albis Plastic Ab<\/strong> (Jan T\u00f6rn) tarjosi messuilla kaikkia teknisi\u00e4 muoveja, kierr\u00e4tyslaadut olivat ISCC-sertifioituja.<\/p>\n\n\n\n<p>My\u00f6s kierr\u00e4tetty\u00e4 hiilikuitua kerrottiin olevan saatavilla.<\/p>\n<\/div><\/div>\n\n\n\n<p><\/p>\n\n\n\n<p><strong>Virtain Muovity\u00f6 Oy <\/strong>tunnetaan ruiskuvalu- ja puhallusmuovauksen osaajana. Yrityksen perusta on ollut vahvasti my\u00f6s muotin- ja ty\u00f6kalunvalmistuksessa, joten silt\u00e4kin saralta osaamista on.<\/p>\n\n\n\n<div class=\"wp-block-media-text has-media-on-the-right is-stacked-on-mobile\" style=\"grid-template-columns:auto 44%\"><div class=\"wp-block-media-text__content\">\n<p>Virtain Muovity\u00f6 Oy (Marja Haapanen) on kierr\u00e4tysmuovien edell\u00e4k\u00e4vij\u00f6it\u00e4. Yrityksess\u00e4 on panostettu erityisesti kierr\u00e4tysjakeen saatavuuteen omia reittej\u00e4 hyv\u00e4ksik\u00e4ytt\u00e4en.<\/p>\n\n\n\n<p>Yritys tarjosi my\u00f6s messuilla tuotteita\/komponentteja, jotka on valmistettu 100 %:sti kierr\u00e4tysjakeesta.<\/p>\n<\/div><figure class=\"wp-block-media-text__media\"><img loading=\"lazy\" decoding=\"async\" width=\"1024\" height=\"768\" src=\"https:\/\/abc-plasticsnews.fi\/wp-content\/uploads\/2023\/10\/VMT-1024x768.jpg\" alt=\"\" class=\"wp-image-3852 size-full\" srcset=\"https:\/\/abc-plasticsnews.fi\/wp-content\/uploads\/2023\/10\/VMT-1024x768.jpg 1024w, https:\/\/abc-plasticsnews.fi\/wp-content\/uploads\/2023\/10\/VMT-300x225.jpg 300w, https:\/\/abc-plasticsnews.fi\/wp-content\/uploads\/2023\/10\/VMT-768x576.jpg 768w, https:\/\/abc-plasticsnews.fi\/wp-content\/uploads\/2023\/10\/VMT-1536x1152.jpg 1536w, https:\/\/abc-plasticsnews.fi\/wp-content\/uploads\/2023\/10\/VMT.jpg 1600w\" sizes=\"auto, (max-width: 1024px) 100vw, 1024px\" \/><\/figure><\/div>\n\n\n\n<p>Pohjois-Karjalainen muovituoteteollisuus oli niin ik\u00e4\u00e4n vahvasti esill\u00e4 tuttuun tyyliin t\u00e4\u00e4m\u00e4nkin vuoden Alihankinta-messuilla.<\/p>\n\n\n\n<div class=\"wp-block-media-text is-stacked-on-mobile\" style=\"grid-template-columns:29% auto\"><figure class=\"wp-block-media-text__media\"><img loading=\"lazy\" decoding=\"async\" width=\"768\" height=\"1024\" src=\"https:\/\/abc-plasticsnews.fi\/wp-content\/uploads\/2023\/10\/All-Plast-scaled-e1697149487411-768x1024.jpg\" alt=\"\" class=\"wp-image-3853 size-full\" srcset=\"https:\/\/abc-plasticsnews.fi\/wp-content\/uploads\/2023\/10\/All-Plast-scaled-e1697149487411-768x1024.jpg 768w, https:\/\/abc-plasticsnews.fi\/wp-content\/uploads\/2023\/10\/All-Plast-scaled-e1697149487411-225x300.jpg 225w, https:\/\/abc-plasticsnews.fi\/wp-content\/uploads\/2023\/10\/All-Plast-scaled-e1697149487411-1152x1536.jpg 1152w, https:\/\/abc-plasticsnews.fi\/wp-content\/uploads\/2023\/10\/All-Plast-scaled-e1697149487411-1536x2048.jpg 1536w, https:\/\/abc-plasticsnews.fi\/wp-content\/uploads\/2023\/10\/All-Plast-scaled-e1697149487411.jpg 1920w\" sizes=\"auto, (max-width: 768px) 100vw, 768px\" \/><\/figure><div class=\"wp-block-media-text__content\">\n<p>Hein\u00e4vaaralainen <strong>All-Plast Oy <\/strong>(Timo Vuorisalo) korosti messuilla ruiskuvaluliiketoiminnassaan luonnonkuituja, biohajoavien muoveja ja kierr\u00e4tyst\u00e4 ylip\u00e4\u00e4t\u00e4ns\u00e4.<\/p>\n<\/div><\/div>\n\n\n\n<div class=\"wp-block-media-text has-media-on-the-right is-stacked-on-mobile\" style=\"grid-template-columns:auto 46%\"><div class=\"wp-block-media-text__content\">\n<p><strong>Plastep Oy<\/strong> kuuluu nyky\u00e4\u00e4n Sako-konserniin.  Pertunmaan Kuortista oleva yritys kertoi (Katja Nieminen) testivalikoimaansa kuuluneen yli 100 kierr\u00e4tyskoeajon valikoiman.<\/p>\n\n\n\n<p>Katja kertoi niin ik\u00e4\u00e4n yrityksen keskittyv\u00e4n huomisen ratkaisuihin jo t\u00e4n\u00e4\u00e4n.<\/p>\n\n\n\n<p><strong>Huom!<\/strong> Messuilla pongattiin vaalenpunaisia s\u00e4\u00e4st\u00f6possuja, joita ultra\u00e4\u00e4nihitsattiin Ritmacon Oy:n st\u00e4ndill\u00e4. Avaimenmets\u00e4stys p\u00e4\u00e4tyi onnellisesti Plastepin osastolle.<\/p>\n<\/div><figure class=\"wp-block-media-text__media\"><img loading=\"lazy\" decoding=\"async\" width=\"448\" height=\"412\" src=\"https:\/\/abc-plasticsnews.fi\/wp-content\/uploads\/2023\/10\/plastep-yhdistelma-1.jpg\" alt=\"\" class=\"wp-image-3861 size-full\" srcset=\"https:\/\/abc-plasticsnews.fi\/wp-content\/uploads\/2023\/10\/plastep-yhdistelma-1.jpg 448w, https:\/\/abc-plasticsnews.fi\/wp-content\/uploads\/2023\/10\/plastep-yhdistelma-1-300x276.jpg 300w\" sizes=\"auto, (max-width: 448px) 100vw, 448px\" \/><\/figure><\/div>\n\n\n\n<div class=\"wp-block-media-text is-stacked-on-mobile\" style=\"grid-template-columns:30% auto\"><figure class=\"wp-block-media-text__media\"><img loading=\"lazy\" decoding=\"async\" width=\"768\" height=\"1024\" src=\"https:\/\/abc-plasticsnews.fi\/wp-content\/uploads\/2023\/10\/Pasi-Toppi-e1697153458587-768x1024.jpg\" alt=\"\" class=\"wp-image-3863 size-full\" srcset=\"https:\/\/abc-plasticsnews.fi\/wp-content\/uploads\/2023\/10\/Pasi-Toppi-e1697153458587-768x1024.jpg 768w, https:\/\/abc-plasticsnews.fi\/wp-content\/uploads\/2023\/10\/Pasi-Toppi-e1697153458587-225x300.jpg 225w, https:\/\/abc-plasticsnews.fi\/wp-content\/uploads\/2023\/10\/Pasi-Toppi-e1697153458587-1152x1536.jpg 1152w, https:\/\/abc-plasticsnews.fi\/wp-content\/uploads\/2023\/10\/Pasi-Toppi-e1697153458587-1536x2048.jpg 1536w, https:\/\/abc-plasticsnews.fi\/wp-content\/uploads\/2023\/10\/Pasi-Toppi-e1697153458587.jpg 1600w\" sizes=\"auto, (max-width: 768px) 100vw, 768px\" \/><\/figure><div class=\"wp-block-media-text__content\">\n<p>Toppi Oy (Pasi Toppi) kertoi 70-vuotiaan yrityksens\u00e4 panostavansa voimakkaasti ymp\u00e4rist\u00f6asioihin. Vastuullisuusohjema ja ymp\u00e4rist\u00f6arvot muutenkin ovat Toppi Oy:ll\u00e4 hyvin esill\u00e4. T\u00e4m\u00e4 sopii hyvin mm. veneilij\u00f6iden hyvin tuntemalle yritykselle.<\/p>\n\n\n\n<p>Yritys on t\u00e4n\u00e4\u00e4n suomalainen, ja se omaa siit\u00e4 kertovan Avainlipun.<\/p>\n<\/div><\/div>\n\n\n\n<p><\/p>\n","protected":false},"excerpt":{"rendered":"<p>Teksti ja kuvat: Jukka Sil\u00e9n Me muovialan kehitt\u00e4miskulussa mukana olleet muistamme hyvin ajan, jolloin tietyt yritykset kielsiv\u00e4t kierr\u00e4tysmuovien k\u00e4yt\u00f6n tuotteissaan kokonaan. Ei edes prosessin sis\u00e4inen kierr\u00e4tt\u00e4minen &#8211; vaikkapa valutappien rouhiminen takaisin ruiskuvalussa hopperiin ei ollut sallittua \u2013 kaiken raaka-aineen piti olla fossiilisper\u00e4ist\u00e4. T\u00e4n\u00e4\u00e4n kaikki on \u2013 ainakin monin osin \u2013 toisin. Kierr\u00e4tys ei ole pelk\u00e4st\u00e4\u00e4n [&hellip;]<\/p>\n","protected":false},"author":1,"featured_media":0,"comment_status":"closed","ping_status":"closed","sticky":false,"template":"","format":"standard","meta":{"footnotes":""},"categories":[409],"tags":[410,219,156,124,46,47,8,20],"class_list":["post-3850","post","type-post","status-publish","format-standard","hentry","category-lehti-1-2023","tag-410","tag-abc-plastics-news","tag-alihankinta","tag-in-plastics-we-trust","tag-jukka-silen","tag-karita-silen","tag-muovi","tag-plastics"],"_links":{"self":[{"href":"https:\/\/abc-plasticsnews.fi\/index.php?rest_route=\/wp\/v2\/posts\/3850","targetHints":{"allow":["GET"]}}],"collection":[{"href":"https:\/\/abc-plasticsnews.fi\/index.php?rest_route=\/wp\/v2\/posts"}],"about":[{"href":"https:\/\/abc-plasticsnews.fi\/index.php?rest_route=\/wp\/v2\/types\/post"}],"author":[{"embeddable":true,"href":"https:\/\/abc-plasticsnews.fi\/index.php?rest_route=\/wp\/v2\/users\/1"}],"replies":[{"embeddable":true,"href":"https:\/\/abc-plasticsnews.fi\/index.php?rest_route=%2Fwp%2Fv2%2Fcomments&post=3850"}],"version-history":[{"count":19,"href":"https:\/\/abc-plasticsnews.fi\/index.php?rest_route=\/wp\/v2\/posts\/3850\/revisions"}],"predecessor-version":[{"id":3972,"href":"https:\/\/abc-plasticsnews.fi\/index.php?rest_route=\/wp\/v2\/posts\/3850\/revisions\/3972"}],"wp:attachment":[{"href":"https:\/\/abc-plasticsnews.fi\/index.php?rest_route=%2Fwp%2Fv2%2Fmedia&parent=3850"}],"wp:term":[{"taxonomy":"category","embeddable":true,"href":"https:\/\/abc-plasticsnews.fi\/index.php?rest_route=%2Fwp%2Fv2%2Fcategories&post=3850"},{"taxonomy":"post_tag","embeddable":true,"href":"https:\/\/abc-plasticsnews.fi\/index.php?rest_route=%2Fwp%2Fv2%2Ftags&post=3850"}],"curies":[{"name":"wp","href":"https:\/\/api.w.org\/{rel}","templated":true}]}}