{"id":2931,"date":"2021-06-28T13:45:23","date_gmt":"2021-06-28T13:45:23","guid":{"rendered":"https:\/\/abc-plasticsnews.fi\/?p=2931"},"modified":"2021-06-28T16:48:12","modified_gmt":"2021-06-28T16:48:12","slug":"digitalisaatiota-ja-vihreita-valintoja-muovitekniikassa","status":"publish","type":"post","link":"https:\/\/abc-plasticsnews.fi\/?p=2931","title":{"rendered":"P\u00c4\u00c4KIRJOITUS: DIGITALISAATIOTA JA VIHREIT\u00c4 VALINTOJA MUOVITEKNIIKASSA"},"content":{"rendered":"\n<p>On kes\u00e4. Helteiset p\u00e4iv\u00e4t t\u00e4ytt\u00e4v\u00e4t p\u00e4iv\u00e4mme. Aika ajoin koronaviruskin on j\u00e4\u00e4nyt taka-alalle (kunnes se sitten on taas vy\u00f6rynyt otsikoihin \u2013 milloin sukujuhlien, milloin jalkapallon, milloin mink\u00e4kin syyn nostattamana), ja loma-aika painaa pahasti p\u00e4\u00e4lle.<\/p>\n\n\n\n<div class=\"wp-block-media-text alignwide is-stacked-on-mobile\" style=\"grid-template-columns:25% auto\"><figure class=\"wp-block-media-text__media\"><img loading=\"lazy\" decoding=\"async\" width=\"577\" height=\"433\" src=\"https:\/\/abc-plasticsnews.fi\/wp-content\/uploads\/2021\/06\/kesakuva-S-1.jpg\" alt=\"\" class=\"wp-image-2933 size-full\" srcset=\"https:\/\/abc-plasticsnews.fi\/wp-content\/uploads\/2021\/06\/kesakuva-S-1.jpg 577w, https:\/\/abc-plasticsnews.fi\/wp-content\/uploads\/2021\/06\/kesakuva-S-1-300x225.jpg 300w\" sizes=\"auto, (max-width: 577px) 100vw, 577px\" \/><\/figure><div class=\"wp-block-media-text__content\">\n<p class=\"has-normal-font-size\">Syksy on kuitenkin yll\u00e4tt\u00e4v\u00e4n l\u00e4hell\u00e4 \u2013 valitettavasti. Olisiko nyt hyv\u00e4 aika mietti\u00e4 niin muovien kuin niihin liittyv\u00e4n teollisuuden n\u00e4kymi\u00e4 l\u00e4hitulevaisuudessa, jopa kauemmaksikin? On selv\u00e4\u00e4, ett\u00e4 muovien kohdalla vaatimukset p\u00e4\u00e4tt\u00e4jien suunnalta eiv\u00e4t ainakaan ole helpottamassa. Muoviverot, kierr\u00e4tysm\u00e4\u00e4r\u00e4ykset, jopa tietyn tyyppisten tuotteiden kiellot ja muut muovien k\u00e4ytt\u00f6\u00e4 hankaloittavat m\u00e4\u00e4r\u00e4ykset ovat t\u00e4t\u00e4 aikaa tyypillisimmill\u00e4\u00e4n. Kuinka t\u00e4st\u00e4 eteenp\u00e4in?<\/p>\n<\/div><\/div>\n\n\n\n<p>P\u00e4\u00e4tt\u00e4j\u00e4t hehkuttavat vihreit\u00e4 valintoja ja digitalisuutta puheissaan \u2013 kest\u00e4v\u00e4 kehitys pit\u00e4\u00e4 tietenkin mainita. Eri asia sitten on, mit\u00e4 n\u00e4ill\u00e4 termeill\u00e4 tarkoitetaan, todellisia tekoja vai vain puhetta? On helppo vaatia panostuksia vaikkapa digitalisaatioon, mutta kuinka, mist\u00e4 tai milloin? Ent\u00e4 miten ulosmitataan ne hy\u00f6dyt, joita vaikkapa juuri digitalisaatiolla saavutetaan?<\/p>\n\n\n\n<p>Suomalainen muoviteollisuus on aina osannut toimia vastuullisesti. Kehitett\u00e4v\u00e4\u00e4 toki aina olisi ollut enemm\u00e4nkin ja asiat voinut tehd\u00e4 paremmin. Mutta ent\u00e4 jatkossa, kuinka pystymme vastaamaan tulevaisuuden koviltakin tuntuviin haasteisiin? Ja ennen kaikkea, kuinka pid\u00e4mme muovituotteiden valmistuksen Suomessa? Onko vaarana, ett\u00e4 EU:n paljon puhutun tukipaketin varoja liukuu meid\u00e4n kilpailijamaihimme tukemaan heid\u00e4n konepaja- ja muoviteollisuuttaan?<\/p>\n\n\n\n<div class=\"wp-block-media-text alignwide is-stacked-on-mobile\" style=\"grid-template-columns:25% auto\"><figure class=\"wp-block-media-text__media\"><img loading=\"lazy\" decoding=\"async\" width=\"768\" height=\"1024\" src=\"https:\/\/abc-plasticsnews.fi\/wp-content\/uploads\/2020\/12\/Karita-maski-scaled-e1609449290403-768x1024.jpg\" alt=\"\" class=\"wp-image-2489 size-full\" srcset=\"https:\/\/abc-plasticsnews.fi\/wp-content\/uploads\/2020\/12\/Karita-maski-scaled-e1609449290403-768x1024.jpg 768w, https:\/\/abc-plasticsnews.fi\/wp-content\/uploads\/2020\/12\/Karita-maski-scaled-e1609449290403-225x300.jpg 225w, https:\/\/abc-plasticsnews.fi\/wp-content\/uploads\/2020\/12\/Karita-maski-scaled-e1609449290403-1152x1536.jpg 1152w, https:\/\/abc-plasticsnews.fi\/wp-content\/uploads\/2020\/12\/Karita-maski-scaled-e1609449290403-1536x2048.jpg 1536w, https:\/\/abc-plasticsnews.fi\/wp-content\/uploads\/2020\/12\/Karita-maski-scaled-e1609449290403.jpg 1920w\" sizes=\"auto, (max-width: 768px) 100vw, 768px\" \/><\/figure><div class=\"wp-block-media-text__content\">\n<p class=\"has-normal-font-size\">Mihink\u00e4 sitten pit\u00e4isi \u2013 tai kannattaisi \u2013 panostaa kehitystoimissa. Kierr\u00e4tyksen puolella kemiallinen kierr\u00e4tys on eturiviss\u00e4, digitalisaation hy\u00f6dynt\u00e4minen kannattaa keskitt\u00e4\u00e4 muovituotteiden laadun vaatimuksenmukaisuuden varmistamiseen. Esimerkiksi muovituotteiden lujuuslaskenta on viel\u00e4 monin paikoin lapsen kengiss\u00e4, eik\u00e4 mallintamista juurikaan tehd\u00e4. Laskentaty\u00f6kalujen k\u00e4ytt\u00f6 tuo mukanaan paremmin hallitun tuotantoprosessin, virheiden m\u00e4\u00e4r\u00e4 pienenee ja k\u00e4ytetyt materiaalim\u00e4\u00e4r\u00e4t v\u00e4henev\u00e4t selv\u00e4sti. Mutta ennen kaikkea: Hallitusti ja (lujuus)vaatimusten mukaisesti valmistetut muovituotteet kest\u00e4v\u00e4t k\u00e4ytt\u00f6kohteissaan odotusten mukaisesti \u2013 t\u00e4m\u00e4, jos mik\u00e4, on kest\u00e4v\u00e4\u00e4 kehityst\u00e4. Samoin se, ett\u00e4 muovin avulla saadaan tuotteille moninkertainen k\u00e4ytt\u00f6ik\u00e4 ja samalla pienennet\u00e4\u00e4n h\u00e4vikki\u00e4, kuten lehdess\u00e4mme esimerkiksi kirjoitetaan kurkkuja pakattaessa tapahtuvan.<\/p>\n<\/div><\/div>\n\n\n\n<p>Ja lopuksi kannattaa muistaa, ett\u00e4 kuluttajat arvostavat tuoteominaisuuksissa eniten turvallisuutta ja k\u00e4ytt\u00e4j\u00e4yst\u00e4v\u00e4llisyytt\u00e4 \u2013 molemmat kest\u00e4v\u00e4n kehityksen keskeisi\u00e4 asioita. Ja niist\u00e4 molempiin voimme vaikuttaa niin suunnittelijana kuin tuotevalmistajana.<\/p>\n\n\n\n<p>Hyv\u00e4n kes\u00e4n toivotukset!<\/p>\n\n\n\n<p><strong>Karita Sil\u00e9n<\/strong><\/p>\n\n\n\n<p>p\u00e4\u00e4toimittaja<\/p>\n","protected":false},"excerpt":{"rendered":"<p>On kes\u00e4. Helteiset p\u00e4iv\u00e4t t\u00e4ytt\u00e4v\u00e4t p\u00e4iv\u00e4mme. Aika ajoin koronaviruskin on j\u00e4\u00e4nyt taka-alalle (kunnes se sitten on taas vy\u00f6rynyt otsikoihin \u2013 milloin sukujuhlien, milloin jalkapallon, milloin mink\u00e4kin syyn nostattamana), ja loma-aika painaa pahasti p\u00e4\u00e4lle. Syksy on kuitenkin yll\u00e4tt\u00e4v\u00e4n l\u00e4hell\u00e4 \u2013 valitettavasti. Olisiko nyt hyv\u00e4 aika mietti\u00e4 niin muovien kuin niihin liittyv\u00e4n teollisuuden n\u00e4kymi\u00e4 l\u00e4hitulevaisuudessa, jopa kauemmaksikin? [&hellip;]<\/p>\n","protected":false},"author":2,"featured_media":2905,"comment_status":"closed","ping_status":"closed","sticky":false,"template":"","format":"standard","meta":{"footnotes":""},"categories":[331],"tags":[219,65,354,124,335],"class_list":["post-2931","post","type-post","status-publish","format-standard","has-post-thumbnail","hentry","category-lehti-2-2021","tag-abc-plastics-news","tag-digitalization","tag-green-valuea","tag-in-plastics-we-trust","tag-sustainability"],"_links":{"self":[{"href":"https:\/\/abc-plasticsnews.fi\/index.php?rest_route=\/wp\/v2\/posts\/2931","targetHints":{"allow":["GET"]}}],"collection":[{"href":"https:\/\/abc-plasticsnews.fi\/index.php?rest_route=\/wp\/v2\/posts"}],"about":[{"href":"https:\/\/abc-plasticsnews.fi\/index.php?rest_route=\/wp\/v2\/types\/post"}],"author":[{"embeddable":true,"href":"https:\/\/abc-plasticsnews.fi\/index.php?rest_route=\/wp\/v2\/users\/2"}],"replies":[{"embeddable":true,"href":"https:\/\/abc-plasticsnews.fi\/index.php?rest_route=%2Fwp%2Fv2%2Fcomments&post=2931"}],"version-history":[{"count":2,"href":"https:\/\/abc-plasticsnews.fi\/index.php?rest_route=\/wp\/v2\/posts\/2931\/revisions"}],"predecessor-version":[{"id":2938,"href":"https:\/\/abc-plasticsnews.fi\/index.php?rest_route=\/wp\/v2\/posts\/2931\/revisions\/2938"}],"wp:featuredmedia":[{"embeddable":true,"href":"https:\/\/abc-plasticsnews.fi\/index.php?rest_route=\/wp\/v2\/media\/2905"}],"wp:attachment":[{"href":"https:\/\/abc-plasticsnews.fi\/index.php?rest_route=%2Fwp%2Fv2%2Fmedia&parent=2931"}],"wp:term":[{"taxonomy":"category","embeddable":true,"href":"https:\/\/abc-plasticsnews.fi\/index.php?rest_route=%2Fwp%2Fv2%2Fcategories&post=2931"},{"taxonomy":"post_tag","embeddable":true,"href":"https:\/\/abc-plasticsnews.fi\/index.php?rest_route=%2Fwp%2Fv2%2Ftags&post=2931"}],"curies":[{"name":"wp","href":"https:\/\/api.w.org\/{rel}","templated":true}]}}