{"id":2535,"date":"2020-12-31T11:56:30","date_gmt":"2020-12-31T11:56:30","guid":{"rendered":"https:\/\/abc-plasticsnews.fi\/?p=2535"},"modified":"2021-01-15T11:06:06","modified_gmt":"2021-01-15T11:06:06","slug":"kertakayttoisia-muovituotteita-tarvittiin-ja-tarvitaan-sittenkin","status":"publish","type":"post","link":"https:\/\/abc-plasticsnews.fi\/?p=2535","title":{"rendered":"Kertak\u00e4ytt\u00f6isi\u00e4 muovituotteita tarvittiin sittenkin \u2013 ja tarvitaan tulevaisuudessa"},"content":{"rendered":"\n<div class=\"wp-block-media-text alignwide has-media-on-the-right is-stacked-on-mobile\" style=\"grid-template-columns:auto 41%\"><figure class=\"wp-block-media-text__media\"><img loading=\"lazy\" decoding=\"async\" width=\"768\" height=\"1024\" src=\"https:\/\/abc-plasticsnews.fi\/wp-content\/uploads\/2020\/05\/IMG_7577-tekstill\u00e4-768x1024.jpg\" alt=\"\" class=\"wp-image-2241 size-full\" srcset=\"https:\/\/abc-plasticsnews.fi\/wp-content\/uploads\/2020\/05\/IMG_7577-tekstill\u00e4-768x1024.jpg 768w, https:\/\/abc-plasticsnews.fi\/wp-content\/uploads\/2020\/05\/IMG_7577-tekstill\u00e4-225x300.jpg 225w, https:\/\/abc-plasticsnews.fi\/wp-content\/uploads\/2020\/05\/IMG_7577-tekstill\u00e4-1152x1536.jpg 1152w, https:\/\/abc-plasticsnews.fi\/wp-content\/uploads\/2020\/05\/IMG_7577-tekstill\u00e4-1536x2048.jpg 1536w, https:\/\/abc-plasticsnews.fi\/wp-content\/uploads\/2020\/05\/IMG_7577-tekstill\u00e4-scaled.jpg 1920w\" sizes=\"auto, (max-width: 768px) 100vw, 768px\" \/><\/figure><div class=\"wp-block-media-text__content\">\n<p><strong>Viel\u00e4 vuosi sitten muoveja pidettiin monissa keskusteluissa ja p\u00e4\u00e4t\u00f6ksenteossa materiaaliryhm\u00e4n\u00e4, johon ei saisi koskea pitk\u00e4ll\u00e4 tikullakaan. Muovien kerrottiin pilaavaan mikro- ja makromuotoisina niin vedet kuin kalatkin. Muovien koettiin olevan suoraan, jos nyt ei ihan &#8230;, niin hyvin l\u00e4helt\u00e4 kuitenkin. Eroon niist\u00e4 piti p\u00e4\u00e4st\u00e4 \u2013 ehdottomasti.<\/strong><\/p>\n<\/div><\/div>\n\n\n\n<p class=\"has-drop-cap\">P\u00e4\u00e4t\u00f6ksentekij\u00e4t olivat \u2013 totta kai \u2013 eturiviss\u00e4 kielt\u00e4m\u00e4ss\u00e4, tai ainakin vaikeuttamassa muovien k\u00e4ytt\u00f6\u00e4. Erilaista s\u00e4\u00e4d\u00f6ksi\u00e4 puuhattiin niin Suomessa kuin EU:ssa. Eik\u00e4 siihen p\u00e4\u00e4ssyt asiantuntijana vaikuttamaan, ei vaikka tutkimustietoa tai dokumentaatiota olisi esitt\u00e4nyt kuinka paljon ja mist\u00e4 arvostetummasta tutkimuslaitoksesta tahansa. Juna oli jo asennettu raiteilleen kohti muovitonta(?) paratiisia.<\/p>\n\n\n\n<p>Osana t\u00e4t\u00e4 muovitonta maailmaa alettiin kehitt\u00e4\u00e4 &#8211; vai pit\u00e4isik\u00f6 sanoa kehitell\u00e4 &#8211; muoviin liittyvi\u00e4 maksuja. &nbsp;N\u00e4in esimerkiksi kaikkien j\u00e4senvaltioiden johtajat 21.7.2020 p\u00e4\u00e4ttiv\u00e4t:<\/p>\n\n\n\n<p><em>146. As a first step, a new own resource will be introduced and apply as of 1 January 2021 composed of a share of revenues from a national contribution calculated on the weight of nonrecycled plastic packaging waste with a call rate of EUR 0.80 per kilogram with a mechanism to avoid excessively regressive impact on national contributions.<\/em><\/p>\n\n\n\n<p>Arvio on, ett\u00e4 60 M\u20ac lankeaisi Suomen maksettavaksi. T\u00e4m\u00e4 perustuu Eurostatin tilastoihin kierr\u00e4tt\u00e4m\u00e4tt\u00f6m\u00e4n pakkausmateriaalien m\u00e4\u00e4r\u00e4st\u00e4.<\/p>\n\n\n\n<p>My\u00f6s kielloista p\u00e4\u00e4tettiin kertak\u00e4ytt\u00f6isi\u00e4 muoveja kohtaan, ja p\u00e4\u00e4t\u00f6kset kohdistuivat konkreettisiin tuotteisiin. Vaikka kohteina olikin jokap\u00e4iv\u00e4isen el\u00e4m\u00e4n tai teollisen tuotannon kannalta pienist\u00e4 asioista, niin pelkona on, ett\u00e4 n\u00e4m\u00e4 kiellot laajenisivat jatkossa.<\/p>\n\n\n\n<h3 class=\"wp-block-heading\">Mutta kuinkas sitten k\u00e4vik\u00e4\u00e4n\u2026<\/h3>\n\n\n\n<p>Kaukaa id\u00e4st\u00e4 ilmestyi keskitalvella virus nimelt\u00e4 Covid-19, hetkess\u00e4 koko Eurooppa oli sekaisin. Ja on edelleen &#8211; my\u00f6s Suomi. Toki olemme selviytyneet ainakin toistaiseksi helpommalla kuin monet muut Euroopan valtiot, mutta veitsenter\u00e4ll\u00e4 ollaan edelleen \u2013 n\u00e4in ainakin monet asiantuntijat ovat viime p\u00e4ivin\u00e4 viestitt\u00e4neet.<\/p>\n\n\n\n<p>Avuksi kev\u00e4\u00e4ll\u00e4 huudettiin \u2013 yll\u00e4tys, yll\u00e4tys \u2013 muovia, ja viel\u00e4p\u00e4 kertak\u00e4ytt\u00f6isi\u00e4 tuotteita. Todellakin huudettiin. Suomi n\u00e4ytti ja kuului hukkuvan, l\u00e4hes kuolevan(?) muovittomuuteen. Kaikkihan me muistamme sen suuren porun, kun kev\u00e4\u00e4ll\u00e4 hengityssuojaimet olivat loppuneet tai vanhentuneita, eik\u00e4 muitakaan kertak\u00e4ytt\u00f6isi\u00e4 suojaimia \u2013 hansikkaita, asuja, jne. \u2013 ollut saatavilla.<\/p>\n\n\n\n<p>Sama ongelma oli muidenkin Euroopan maiden terveydenhuollossa. Varusteita \u2013 niit\u00e4 muovisia \u2013 ei ollut. Jos olen ymm\u00e4rt\u00e4nyt oikein, niin vajavaisten varusteiden kanssa k\u00e4ytiin viruksen vastaiseen puolustustaistoon. Tiedotusv\u00e4lineiss\u00e4 on puhuttu sadetakeista ja kumisaappaista, ja monista muistakin ei niin virallisista suojavarusteista. Mutta jos \u2013 ja kun \u2013 muovi tai kumi on antanut suojaa virusta vastaan, niin muovinen materiaali on t\u00e4ytt\u00e4nyt suojausvaatimuksia. Kukaan ei siin\u00e4 tilanteessa ole (onneksi) tullut vaatimaan k\u00e4ytt\u00f6kieltoa materiaalille.<\/p>\n\n\n\n<p>Olen kirjoittanut muutamaan kertaan ja ihmetellyt asioiden silloista tilaa. Ja vaatinut itselleni oikeutta henkil\u00f6kohtaisiin suojaimiin. Kielt\u00e4m\u00e4tt\u00e4 niiden saaminen oli kev\u00e4\u00e4ll\u00e4 vaikeaa, onneksi lopulta onnistuimme p\u00e4\u00e4sem\u00e4\u00e4n aktiivisen ja avuliaan maahantuojan toimitusrinkiin. Ja saimme hengityssuojaimia.<\/p>\n\n\n\n<h3 class=\"wp-block-heading\">\u2026 ja sitten k\u00e4vik\u00e4\u00e4n\u2026<\/h3>\n\n\n\n<p>Ratkaisu l\u00f6ytyi \u2013 onneksi. Ja se l\u00f6ytyi <strong>kertak\u00e4ytt\u00f6isten<\/strong> muovituotteiden avulla. Vai eiv\u00e4tk\u00f6 erilaiset kertak\u00e4ytt\u00f6k\u00e4sineet, suojavaatteet, hengityssuojaimet, injektioruiskut ja niiden, l\u00e4\u00e4kepakkaukset \u2013 jopa l\u00e4\u00e4kkeet &#8211; peitteet, laastarit, \u2026 ja monet muut ole tehty muovista, ja viel\u00e4p\u00e4 kertak\u00e4ytt\u00f6isest\u00e4 muovista. Ovat ihan varmasti! Aivan, eiv\u00e4t ole pakkausmateriaaleja, mutta kertak\u00e4ytt\u00f6isi\u00e4 kuitenkin. Ja sit\u00e4 pahuksen muovia!<\/p>\n\n\n\n<p>Kun p\u00e4\u00e4tt\u00e4j\u00e4 suosittelee vakavasti hengityssuojaimen k\u00e4ytt\u00f6\u00e4, niin ajatellaanko silloin, mit\u00e4 materiaalia suojain on? Todenn\u00e4k\u00f6isesti ei. Suojain on suojain. Mutta ollaanko samaan hengenvetoon valmiita l\u00e4tk\u00e4isem\u00e4\u00e4n suojainta \u2013 ainakin sen pakkausta &#8211; muoviverolla, koska muovi on kest\u00e4m\u00e4t\u00f6n materiaali (vaikka ei olekaan) ja kohde kertak\u00e4ytt\u00f6inen? Tai kun ostamme kaupasta kirsikkatomaatteja, maitot\u00f6lkin tai hammastahnaa. Tai kun noudamme apteekista l\u00e4\u00e4k\u00e4rin meille m\u00e4\u00e4r\u00e4\u00e4m\u00e4t l\u00e4\u00e4kkeet, otamme vastaan terkkarissa influenssarokotteen, kun peit\u00e4mme haavan laastarilla, tai\u2026 ?<\/p>\n\n\n\n<h3 class=\"wp-block-heading\">Tieto ei lis\u00e4\u00e4k\u00e4\u00e4n tuskaa!<\/h3>\n\n\n\n<p>Summa summarum: On niin helppoa tuomita. Ja nostaa muovi \u201dtikun nokkaan\u201d. Uskallan v\u00e4itt\u00e4\u00e4, ett\u00e4 hyvin usein ilman perusteluja. Vaikka vanha kansa sanookin \u201d<strong>Tieto lis\u00e4\u00e4 tuskaa<\/strong>\u201d, niin t\u00e4ss\u00e4 tapauksessa se ei sit\u00e4 tee. P\u00e4\u00e4tt\u00e4jille \u2013 tai muoveja tuomitseville \u2013 pit\u00e4isi saada tietoa p\u00e4\u00e4t\u00f6sten perustaksi. Ja iskostettua mieleen suunnittelijan perusslogan \u201d<strong>Paras materiaali oikeaan kohteeseen\u201d. <\/strong>Kannattaisi luottaa asiantuntijaan.<\/p>\n\n\n\n<p>Siksi pit\u00e4isi ehdottomasti mietti\u00e4 viel\u00e4 toisenkin kerran, ennen kuin muoveja tai muovituotteita asetetaan veron alle. Onko verolle todella ymp\u00e4rist\u00f6llisi\u00e4 perusteita? Ilman muoveja me emme selvi\u00e4 \u2013 emme koronasta, mutta emme sen j\u00e4lkeenk\u00e4\u00e4n.<\/p>\n\n\n\n<p>Ja lopuksi: Onkohan muovien verotusta mietitty joka suunnalta? Vai onko p\u00e4\u00e4t\u00f6ksenteko ollut asenteellista. ja muovitiet\u00e4mykselt\u00e4\u00e4n puutteellista? Vai yksinkertaisesti on l\u00f6ydetty uusi tapa ker\u00e4t\u00e4 maksuja ja veroja? Pelastetaanko maailma suomalaisia muovipakkauksia verottamalla? Ent\u00e4 onko terveydenhoidossamme todellisia vaihtoehtoja muoveille, ja ennen kaikkea kertak\u00e4ytt\u00f6isille muoveille. En haluaisi uskoa, ett\u00e4 kyseess\u00e4 olisi pelk\u00e4st\u00e4\u00e4n muoviveron nime\u00e4 kantava rahastuskeino! En my\u00f6sk\u00e4\u00e4n halua uskoa, ett\u00e4 muoveille asetetut verot ja kiellot lis\u00e4\u00e4ntyisiv\u00e4t tulevaisuudessa. Vaan se n\u00e4kee, ken el\u00e4\u00e4. Toki pieni pelko on, ett\u00e4 kun saadaan muovien verotuksen p\u00e4\u00e4 auki, niin\u2026<\/p>\n\n\n\n<p>Ja loppujen lopuksi. Kannattaisi my\u00f6s muistaa meid\u00e4n sloganimme perusviesti: \u201d<strong>In plastics we trust<\/strong>\u201d. Ja ajatella, mit\u00e4 sill\u00e4 tarkoitetaan. El\u00e4m\u00e4 ilman muoveja on mahdotonta, jopa mahdottomampaa \u2013 my\u00f6s uudessa normaalissa. T\u00e4ss\u00e4 uskossa kannattaa olla vahva!<\/p>\n\n\n\n<p>Hyv\u00e4n Uuden Vuoden Toivotukset,<\/p>\n\n\n\n<p>-tampereen lisuri-<\/p>\n\n\n\n<p>PS. Kyll\u00e4! -tampereen lisuri- ker\u00e4\u00e4 kiltisti pakkausmuovij\u00e4tteens\u00e4. Ja palauttaa ne Pirkanmaalla valmistettuun j\u00e4teastiaan edelleen prosessoitavaksi uudelleen k\u00e4ytt\u00f6\u00f6n.<\/p>\n","protected":false},"excerpt":{"rendered":"<p>Viel\u00e4 vuosi sitten muoveja pidettiin monissa keskusteluissa ja p\u00e4\u00e4t\u00f6ksenteossa materiaaliryhm\u00e4n\u00e4, johon ei saisi koskea pitk\u00e4ll\u00e4 tikullakaan. Muovien kerrottiin pilaavaan mikro- ja makromuotoisina niin vedet kuin kalatkin. Muovien koettiin olevan suoraan, jos nyt ei ihan &#8230;, niin hyvin l\u00e4helt\u00e4 kuitenkin. Eroon niist\u00e4 piti p\u00e4\u00e4st\u00e4 \u2013 ehdottomasti. P\u00e4\u00e4t\u00f6ksentekij\u00e4t olivat \u2013 totta kai \u2013 eturiviss\u00e4 kielt\u00e4m\u00e4ss\u00e4, tai ainakin [&hellip;]<\/p>\n","protected":false},"author":1,"featured_media":0,"comment_status":"closed","ping_status":"closed","sticky":false,"template":"","format":"standard","meta":{"footnotes":""},"categories":[306],"tags":[275,124,46,256,296,20],"class_list":["post-2535","post","type-post","status-publish","format-standard","hentry","category-lehti-3-2020","tag-covid-19","tag-in-plastics-we-trust","tag-jukka-silen","tag-korona-tuli","tag-muovivero","tag-plastics"],"_links":{"self":[{"href":"https:\/\/abc-plasticsnews.fi\/index.php?rest_route=\/wp\/v2\/posts\/2535","targetHints":{"allow":["GET"]}}],"collection":[{"href":"https:\/\/abc-plasticsnews.fi\/index.php?rest_route=\/wp\/v2\/posts"}],"about":[{"href":"https:\/\/abc-plasticsnews.fi\/index.php?rest_route=\/wp\/v2\/types\/post"}],"author":[{"embeddable":true,"href":"https:\/\/abc-plasticsnews.fi\/index.php?rest_route=\/wp\/v2\/users\/1"}],"replies":[{"embeddable":true,"href":"https:\/\/abc-plasticsnews.fi\/index.php?rest_route=%2Fwp%2Fv2%2Fcomments&post=2535"}],"version-history":[{"count":10,"href":"https:\/\/abc-plasticsnews.fi\/index.php?rest_route=\/wp\/v2\/posts\/2535\/revisions"}],"predecessor-version":[{"id":2677,"href":"https:\/\/abc-plasticsnews.fi\/index.php?rest_route=\/wp\/v2\/posts\/2535\/revisions\/2677"}],"wp:attachment":[{"href":"https:\/\/abc-plasticsnews.fi\/index.php?rest_route=%2Fwp%2Fv2%2Fmedia&parent=2535"}],"wp:term":[{"taxonomy":"category","embeddable":true,"href":"https:\/\/abc-plasticsnews.fi\/index.php?rest_route=%2Fwp%2Fv2%2Fcategories&post=2535"},{"taxonomy":"post_tag","embeddable":true,"href":"https:\/\/abc-plasticsnews.fi\/index.php?rest_route=%2Fwp%2Fv2%2Ftags&post=2535"}],"curies":[{"name":"wp","href":"https:\/\/api.w.org\/{rel}","templated":true}]}}