{"id":2051,"date":"2020-03-15T09:26:38","date_gmt":"2020-03-15T09:26:38","guid":{"rendered":"https:\/\/abc-plasticsnews.fi\/?p=2051"},"modified":"2021-12-28T12:38:21","modified_gmt":"2021-12-28T12:38:21","slug":"korona-tuli-olimmeko-valmiita","status":"publish","type":"post","link":"https:\/\/abc-plasticsnews.fi\/?p=2051","title":{"rendered":"Korona tuli, olimmeko valmiita?"},"content":{"rendered":"\n<h4 class=\"wp-block-heading\">Teksti: Jukka Sil\u00e9n<\/h4>\n\n\n\n<p><strong>Se on nyt t\u00e4\u00e4ll\u00e4, se pieni kiinal\u00e4ht\u00f6inen \u2013 mutta tehokas \u2013 Korona. Se kaataa ihmisi\u00e4, lopettaa matkustamisen, peruuttaa tapaamisia ja yleis\u00f6tilaisuuksia, p\u00e4\u00e4tt\u00e4\u00e4 j\u00e4\u00e4kiekkokauden, sulkee teattereita ynn\u00e4 paljon muuta. &nbsp;Kukaan ei osaa arvatakaan, mihin kaikkeen ja minne tahansa se viel\u00e4 ehtii j\u00e4tt\u00e4\u00e4 j\u00e4lkens\u00e4. <\/strong><\/p>\n\n\n\n<div class=\"wp-block-media-text alignwide has-media-on-the-right is-stacked-on-mobile is-vertically-aligned-center\" style=\"grid-template-columns:auto 36%\"><figure class=\"wp-block-media-text__media\"><img loading=\"lazy\" decoding=\"async\" width=\"1024\" height=\"576\" src=\"https:\/\/abc-plasticsnews.fi\/wp-content\/uploads\/2020\/03\/cdc-w9KEokhajKw-unsplash-pienennetty-1024x576.jpg\" alt=\"\" class=\"wp-image-2062 size-full\" srcset=\"https:\/\/abc-plasticsnews.fi\/wp-content\/uploads\/2020\/03\/cdc-w9KEokhajKw-unsplash-pienennetty-1024x576.jpg 1024w, https:\/\/abc-plasticsnews.fi\/wp-content\/uploads\/2020\/03\/cdc-w9KEokhajKw-unsplash-pienennetty-300x169.jpg 300w, https:\/\/abc-plasticsnews.fi\/wp-content\/uploads\/2020\/03\/cdc-w9KEokhajKw-unsplash-pienennetty-768x432.jpg 768w, https:\/\/abc-plasticsnews.fi\/wp-content\/uploads\/2020\/03\/cdc-w9KEokhajKw-unsplash-pienennetty-1536x864.jpg 1536w, https:\/\/abc-plasticsnews.fi\/wp-content\/uploads\/2020\/03\/cdc-w9KEokhajKw-unsplash-pienennetty.jpg 1885w\" sizes=\"auto, (max-width: 1024px) 100vw, 1024px\" \/><\/figure><div class=\"wp-block-media-text__content\">\n<p class=\"has-drop-cap has-normal-font-size\">Teollisen toiminnan osalta yksi asia on varmaa. Koronan (COVID-19) j\u00e4ljet j\u00e4\u00e4v\u00e4t nopeasti kaikkialle liiketoimintaan. Kansallisesti, mutta my\u00f6s kansainv\u00e4lisesti. Eik\u00e4 vaille vaikutusta j\u00e4\u00e4 muoviteollisuuskaan. Ala toimii p\u00e4\u00e4osin alihankintateollisuutena, ja usein poikkitieteellisesti eri alojen tuotevalmistajana kansainv\u00e4lisiss\u00e4 liiketoimintaverkostoissa. Vaikka omaa vienti\u00e4 ei olisikaan, niin asiakkaiden tuotteet menev\u00e4t kovin usein Suomen rajojen ulkopuolelle. Tuontia kuitenkin joka tapauksessa on ainakin koneiden ja laitteiden, muoviraaka-aineiden sek\u00e4 muottien tuonnin parissa. <\/p>\n<\/div><\/div>\n\n\n\n<p class=\"has-text-align-right\"> Photo by&nbsp;<a href=\"https:\/\/unsplash.com\/@cdc?utm_source=unsplash&amp;utm_medium=referral&amp;utm_content=creditCopyText\">CDC<\/a>&nbsp;on&nbsp;<a href=\"https:\/\/unsplash.com\/s\/photos\/corona?utm_source=unsplash&amp;utm_medium=referral&amp;utm_content=creditCopyText\">Unsplash<\/a> <\/p>\n\n\n\n<p>Koronan vaikutus on yksinomaan t\u00e4m\u00e4n vuoksi merkitt\u00e4v\u00e4\u00e4kin merkitt\u00e4v\u00e4mpi. Jos jokin osa tuotantoketjua ei toimi, niin vaikutus n\u00e4kyy heti. Pienikin poikkeama saa ketjun yskim\u00e4\u00e4n. Tavarat &#8211; ja niiden mukana raha &#8211; eiv\u00e4t liiku. Esimerkiksi esille tullut tavarakonttien \u201dj\u00e4\u00e4tyminen\u201d Kiinan suunnalle voi aiheuttaa suuria ongelmia. Tavarat eiv\u00e4t yksinkertaisesti p\u00e4\u00e4se etenem\u00e4\u00e4n Suomesta pois.<\/p>\n\n\n\n<p>Oman ongelmansa \u2013 edellist\u00e4 suuremman \u2013 voi aikaansaada\nyritysten kassavirtojen hidastuminen. Muoviala on p\u00e4\u00e4osin PK-teollisuutta, jolle\nkassavirtojen hidastuminen voi muodostaa suuren ongelman, jopa elinkysymyksen.\nJa vaikka yrityksen talous olisikin kunnossa \u2013 ja usein onkin \u2013 niin toimintojen\nhidastuminen koko liiketoimintaketjussa tuo todenn\u00e4k\u00f6isesti hidasteita my\u00f6s\nrahavirtoihin ja muoviyrityksen talouteen. Palkat, ty\u00f6antajamaksut, verot,\nlaskut, jne. pit\u00e4\u00e4 kuitenkin maksaa. Julkinen sektori ainakin haluaa saatavansa\najallaan.<\/p>\n\n\n\n<p>Nyt valtiovalta on paljon vartijana. Valtioneuvoston Korona-tiedotustilaisuudessa 12.3.2020 valtiovarainministeri Katri Kulmuni kyll\u00e4 lupasi, ett\u00e4 \u201dtoimenpiteet eiv\u00e4t j\u00e4\u00e4 rahasta kiinni\u201d. Ja ett\u00e4 \u201d hallitus turvaa monin eri tavoin yritysten toimintaedellytyksi\u00e4\u201d. Hyv\u00e4, jos n\u00e4in on. Suorastaan erinomaista. Mutta\u2026<\/p>\n\n\n\n<p>T\u00e4st\u00e4 on viel\u00e4 kovin pitk\u00e4 matka siihen, ett\u00e4 apu ja tuki tavoittaa ruohonjuuritason, ts. muovialan PK-yrityksen. Usein Arkadianm\u00e4en puheista on hyvin pitk\u00e4 matka k\u00e4yt\u00e4nn\u00f6n toimenpiteisiin. Nyt kun tarvitaan nopeita (lue: v\u00e4litt\u00f6mi\u00e4) toimenpiteit\u00e4. Ja viel\u00e4p\u00e4 konkreettisia sellaisia. <\/p>\n\n\n\n<p>P\u00e4\u00e4tt\u00e4j\u00e4t ovat puhuneet, ett\u00e4 pankeilta odotetaan joustavuutta ja k\u00e4rsiv\u00e4llisyytt\u00e4. Hyv\u00e4 n\u00e4in, mutta ennen kaikkea odotetaan n\u00e4it\u00e4 kumpaakin valtiovallalta. Ei riit\u00e4, ett\u00e4 Finnveralla on monenlaisia ty\u00f6kaluja ja joustavuutta. Kysymys kuuluukin, kuinka ne soveltuvat t\u00e4h\u00e4n tilanteeseen muovialan yritysten n\u00e4k\u00f6kulmasta asiaa tarkasteltuna. <\/p>\n\n\n\n<p>Pankkien tukeminen t\u00e4ss\u00e4 tilanteessa ohjaamaan rahoitusta\nyrityksille on v\u00e4hint\u00e4\u00e4nkin toivottavaa. Esill\u00e4 on ollut esimerkiksi valtion varojen\nlainaaminen pankeille negatiivisella korolla. Tai niiden vakavaraisuuden tukeminen.\nEhtona luonnollisesti se, ett\u00e4 ne puolestaan tukevat yrityksi\u00e4 selviytym\u00e4\u00e4n t\u00e4st\u00e4\nKorona-kurimuksesta. Kysymys tosin kuuluu, onko t\u00e4m\u00e4 tapa riitt\u00e4v\u00e4n nopea t\u00e4ss\u00e4\ntilanteessa.<\/p>\n\n\n\n<p>Vuosia muovialalla teknologiakehityksen ohella erilaisten rahoitusty\u00f6kalujen kanssa ty\u00f6skennelleen\u00e4, tied\u00e4mme, ett\u00e4 vaikka julkisen vallan tarjoamat ty\u00f6kalut ovatkin sin\u00e4ns\u00e4 hyvi\u00e4 ja yritt\u00e4jien arvostamia, niin eriasia on, ovatko ne riitt\u00e4v\u00e4n nopeita ja joustavia t\u00e4ss\u00e4 Korona-tilanteessa. Ja l\u00f6ytyyk\u00f6 joukosta ty\u00f6kaluja my\u00f6s etel\u00e4isen Suomen yrityksille, esimerkiksi Uudellemaalle tai Varsinais-Suomeen. Nyt ei pid\u00e4 unohtaa, ett\u00e4 my\u00f6s etel\u00e4ss\u00e4 on toimivaa muovi- ja muutakin PK-teollisuutta, jolle tuen ja joustojen saaminen voi olla nyt elinehto.<\/p>\n\n\n\n<p>Nyt siis tarvitaan suoria keinoja tukea taloudellisesti yrityksi\u00e4\nsiin\u00e4 tilanteessa, jolloin kassa ei riit\u00e4. Yritt\u00e4j\u00e4t arvostaisivat erityisesti\nt\u00e4ss\u00e4 tilanteessa nopeutta, joustavuutta ja byrokratian v\u00e4hyytt\u00e4\nhakuprosessissa. Keinoja varmaan l\u00f6ydet\u00e4\u00e4n. Sellaisia, joissa valtiovalta voi\nolla (lue: pit\u00e4\u00e4 olla) esimerkin n\u00e4ytt\u00e4j\u00e4 muulle yhteiskunnalle. Jos rahaa\nkerran on, niin asiat v\u00e4litt\u00f6m\u00e4\u00e4n p\u00e4\u00e4t\u00f6ksentekoon ja t\u00e4yt\u00e4nt\u00f6\u00f6npanoon! Milt\u00e4,\narvon p\u00e4\u00e4tt\u00e4j\u00e4t, tuntuisivat vaikkapa arvonlis\u00e4verojen maksulykk\u00e4ykset \u2013 tai jopa\nanteeksi antamiset? Nyth\u00e4n j\u00e4rjestelm\u00e4 sakottaa v\u00e4litt\u00f6m\u00e4sti, &nbsp;jos ilmoitus ja\/tai maksu on my\u00f6h\u00e4ss\u00e4. Tai\nverojen maksuj\u00e4rjestelyt ilman korkoa? Tai el\u00e4kemaksuihin liittyv\u00e4t\nlis\u00e4maksuajat ja kevennykset?<\/p>\n\n\n\n<p>Ent\u00e4 suoran tuen maksaminen yrityksille? Tukea voisi maksaa\nvaikkapa karanteenissa olevien ty\u00f6ntekij\u00f6iden palkkoihin. Tai sijaisten\npalkkaamiseen heille? Tai voitaisiinko luopua n\u00e4ihin palkkoihin liittyvist\u00e4\nsivukuluista? Vaikka yritystuet ovat s\u00e4\u00e4nn\u00f6llisesti nousseetkin poliittisessa\nkeskustelussa pinnalle l\u00e4hes ensimm\u00e4iseksi karsittavina tukina, niin t\u00e4ss\u00e4\ntilanteessa suoran tuen maksaminen yrityksille vahvistamaan kassaa ja selviytym\u00e4\u00e4n\nt\u00e4st\u00e4 yhteisest\u00e4 kriisist\u00e4 olisi yksi potentiaalisista vaihtoehdoista. Kukaan \u2013\nEI KUKAAN \u2013 ei rikastu n\u00e4ist\u00e4 tuista. Vaihtoehtona kun on yritysten ja niiden\nhenkil\u00f6kunnan pahoinvointi. Tilanne, jossa konkurssikaan ei ole vieras sana.<\/p>\n\n\n\n<p>Loppuun on hyv\u00e4 korostaa, ett\u00e4 koronahan ei ole meid\u00e4n\nyritystemme tai yritt\u00e4jien vika, eik\u00e4 syyllist\u00e4 kannatakaan t\u00e4ss\u00e4 tilanteessa\nhakea. Emme olleet valmiita \u2013 emme l\u00e4hellek\u00e4\u00e4n \u2013 kun korona iski. Mutta nyt on\ntoimenpiteiden aika! Olemme Suomen teollisuudessa tilanteessa, jossa joudumme\ntoimimaan palokuntaperiaatteella. Korona-palo pit\u00e4\u00e4 sammuttaa ennen kuin se\nleimahtaa t\u00e4yteen liekkiin. Samalla, kun suojelemme yrityksi\u00e4, suojelemme my\u00f6s\nty\u00f6paikkoja sek\u00e4 Suomeamme. <\/p>\n\n\n\n<p>Aikaa ei ole! V\u00e4litt\u00f6mi\u00e4 konkreettisia toimenpiteit\u00e4\nodotellessa\u2026<\/p>\n","protected":false},"excerpt":{"rendered":"<p>Teksti: Jukka Sil\u00e9n Se on nyt t\u00e4\u00e4ll\u00e4, se pieni kiinal\u00e4ht\u00f6inen \u2013 mutta tehokas \u2013 Korona. Se kaataa ihmisi\u00e4, lopettaa matkustamisen, peruuttaa tapaamisia ja yleis\u00f6tilaisuuksia, p\u00e4\u00e4tt\u00e4\u00e4 j\u00e4\u00e4kiekkokauden, sulkee teattereita ynn\u00e4 paljon muuta. &nbsp;Kukaan ei osaa arvatakaan, mihin kaikkeen ja minne tahansa se viel\u00e4 ehtii j\u00e4tt\u00e4\u00e4 j\u00e4lkens\u00e4. Teollisen toiminnan osalta yksi asia on varmaa. Koronan (COVID-19) j\u00e4ljet [&hellip;]<\/p>\n","protected":false},"author":1,"featured_media":0,"comment_status":"closed","ping_status":"closed","sticky":false,"template":"","format":"standard","meta":{"footnotes":""},"categories":[252],"tags":[253,254,255],"class_list":["post-2051","post","type-post","status-publish","format-standard","hentry","category-lehti-1-2020","tag-korona","tag-muoviteollisuus","tag-suomi"],"_links":{"self":[{"href":"https:\/\/abc-plasticsnews.fi\/index.php?rest_route=\/wp\/v2\/posts\/2051","targetHints":{"allow":["GET"]}}],"collection":[{"href":"https:\/\/abc-plasticsnews.fi\/index.php?rest_route=\/wp\/v2\/posts"}],"about":[{"href":"https:\/\/abc-plasticsnews.fi\/index.php?rest_route=\/wp\/v2\/types\/post"}],"author":[{"embeddable":true,"href":"https:\/\/abc-plasticsnews.fi\/index.php?rest_route=\/wp\/v2\/users\/1"}],"replies":[{"embeddable":true,"href":"https:\/\/abc-plasticsnews.fi\/index.php?rest_route=%2Fwp%2Fv2%2Fcomments&post=2051"}],"version-history":[{"count":14,"href":"https:\/\/abc-plasticsnews.fi\/index.php?rest_route=\/wp\/v2\/posts\/2051\/revisions"}],"predecessor-version":[{"id":3316,"href":"https:\/\/abc-plasticsnews.fi\/index.php?rest_route=\/wp\/v2\/posts\/2051\/revisions\/3316"}],"wp:attachment":[{"href":"https:\/\/abc-plasticsnews.fi\/index.php?rest_route=%2Fwp%2Fv2%2Fmedia&parent=2051"}],"wp:term":[{"taxonomy":"category","embeddable":true,"href":"https:\/\/abc-plasticsnews.fi\/index.php?rest_route=%2Fwp%2Fv2%2Fcategories&post=2051"},{"taxonomy":"post_tag","embeddable":true,"href":"https:\/\/abc-plasticsnews.fi\/index.php?rest_route=%2Fwp%2Fv2%2Ftags&post=2051"}],"curies":[{"name":"wp","href":"https:\/\/api.w.org\/{rel}","templated":true}]}}